{"id":315,"date":"2024-11-14T02:02:56","date_gmt":"2024-11-14T01:02:56","guid":{"rendered":"https:\/\/www.kgh4.de\/?p=315"},"modified":"2026-01-24T18:26:24","modified_gmt":"2026-01-24T17:26:24","slug":"2-regionalpolitischer-dialog","status":"publish","type":"post","link":"https:\/\/www.kgh4.de\/?p=315","title":{"rendered":"2. Regionalpolitischer Dialog"},"content":{"rendered":"\n[et_pb_section fb_built=&#8220;1&#8243; admin_label=&#8220;section&#8220; _builder_version=&#8220;4.16&#8243; global_colors_info=&#8220;{}&#8220;][et_pb_row admin_label=&#8220;row&#8220; _builder_version=&#8220;4.16&#8243; background_size=&#8220;initial&#8220; background_position=&#8220;top_left&#8220; background_repeat=&#8220;repeat&#8220; global_colors_info=&#8220;{}&#8220;][et_pb_column type=&#8220;4_4&#8243; _builder_version=&#8220;4.16&#8243; custom_padding=&#8220;|||&#8220; global_colors_info=&#8220;{}&#8220; custom_padding__hover=&#8220;|||&#8220;][et_pb_text admin_label=&#8220;Text&#8220; _builder_version=&#8220;4.16&#8243; background_size=&#8220;initial&#8220; background_position=&#8220;top_left&#8220; background_repeat=&#8220;repeat&#8220; global_colors_info=&#8220;{}&#8220;]<!-- divi:paragraph -->\n<p style=\"font-weight: 400;\"><strong>Pressebericht \u2013 2. Regionalpolitischer Dialog \u201eG\u00f6rzhausen IV und die Folgen f\u00fcr die Region\u201c \u2013 13. November 2024, B\u00fcrgerhaus Michelbach<\/strong><\/p>\n<p style=\"font-weight: 400;\"><strong>Marburg-Michelbach<\/strong><\/p>\n<p style=\"font-weight: 400;\">Rund 70 interessierte B\u00fcrgerinnen und B\u00fcrger aus Michelbach, Dagobertshausen, Lahntal und der Region folgten der Einladung der <strong><em>B\u00fcrgerinitiative Kein G\u00f6rzhausen IV \u2013 Stopp den Fl\u00e4chen-verbrauch! e.V.\u00a0<\/em><\/strong> am 13.11.2024 ins B\u00fcrgerhaus Michelbach. Konkreter Anlass war die anstehende Entscheidung der Regionalversammlung Mittelhessen (RVM) \u00fcber die Ausweisung des Gebietes zwischen dem \u201aMarsgel\u00e4nde\u2018 und Dagobertshausen als Potentialfl\u00e4che f\u00fcr ein k\u00fcnftiges \u201eG\u00f6rzhausen IV\u201c im neuen Regionalplan. Hierzu liegt ein Verkleinerungsantrag der Fraktion B\u00fcndnis 90 \/ Gr\u00fcne \/ Linke vor. Die Regionalplanungsstelle Gie\u00dfen schl\u00e4gt ebenfalls eine Reduzierungsm\u00f6glichkeit von 8 ha vor, z.B. keine Rodung der Waldfl\u00e4chen und Erhalt der Kompensationsfl\u00e4che\/Biotop. Theoretisch kann die Fl\u00e4che auch noch gestrichen werden.<\/p>\n<p style=\"font-weight: 400;\"><strong>\u201e<\/strong>Es gibt gewichtige Gr\u00fcnde miteinander zu reden, bevor es zu sp\u00e4t ist. Sich offen den Fragen und Einw\u00e4nden von B\u00fcrger:innen stellen und ihre Argumente h\u00f6ren \u2013 das ist gelebte Demokratie. Die nachhaltige Entwicklung in eine \u00f6konomisch wie \u00f6kologisch verantwortbare Zukunft kann nicht mehr nach der Methode \u201aImmer mehr vom selben\u2018 erreicht werden. F\u00fcr diesen wirklichen Fortschritt tritt unsere BI ein. Sie versteht sich nicht als Konkurrenz zu gew\u00e4hlten politischen Gremien wie z. B. Ortsbeir\u00e4ten, sondern als eine freie Stimme aus der B\u00fcrgerschaft in der Sorge um die Zukunft unserer Ortschaften\u201c<strong>, f\u00fchrte Dr. Wilhelm Richeb\u00e4cher, Vorsitzender der BI und Moderator des Dialogs, bei seiner Begr\u00fc\u00dfung aus.<\/strong><\/p>\n<p style=\"font-weight: 400;\">Trotz krankheitsbedingter Absagen konnten als Podiumsg\u00e4ste neben <span>Dr. Anne Archinal (Vorsitzende der AG \u201eRettet den Burgwald\u201c), drei Kommunal- und Regionalpolitiker\/-innen bzw. Mitglieder der RVM begr\u00fc\u00dft werden: Dr. Thomas Spies (SPD, OB Stadt Marburg und Mitglied des Haupt- und Planungsausschusses\/HUP RVM<strong>), <\/strong>Werner Wa\u00dfmuth (CDU, Landkreis Marburg-Biedenkopf, Vorsitzender HUP RVM), Carsten Laukel (B\u00fcrgerliste, B\u00fcrgermeister Gemeinde Lahntal). <\/span>Die von Uwe Volz (B90\/Die Gr\u00fcnen, Stadtverordneter Marburg und stellvertretender Vorsitzender der RVM\/Mitglied des <strong>Ausschusses f\u00fcr Energie, Umwelt, l\u00e4ndlichen Raum und Infrastruktur)<\/strong> zugeleitete schriftliche Beantwortung einer Frage zur Wegnahme des Status \u201eVorbehaltsgebiet Klima\u201c f\u00fcr Michelbach wurde vom Moderator verlesen. <span>\u00a0<\/span><\/p>\n<p style=\"font-weight: 400;\">Aus dem Medienbereich war Regionalreporterin<span>\u00a0<\/span>Anna Spie\u00df vom Hessischen Rundfunk vertreten. <span>\u00a0<\/span><\/p>\n<p style=\"font-weight: 400;\"><strong><\/strong><\/p>\n<p style=\"font-weight: 400;\"><strong>Genug ist genug \u2013 STOPP den Fl\u00e4chenverbrauch!<\/strong><\/p>\n<p style=\"font-weight: 400;\">Vertreterinnen der veranstaltenden <em>B\u00fcrgerinitiative<\/em> und der <em>Stadtteilinitiative Leben und Wohnen in Dagobertshausen<\/em> f\u00fchrten in die Thematik ein. Jutta Richeb\u00e4cher skizzierte die gravierenden Folgen einer erneuten Erweiterung \u00fcber G\u00f6rzhausen III hinaus im Hinblick auf Fl\u00e4chenverbrauch, Verluste f\u00fcr die Landwirtschaft, Schw\u00e4chung der Luft-Zirkulationsverbindung zur Lahn durch Verriegelung der Frischluftschneise, gigantische W\u00e4rmeemissionen, Wasserverbrauch und Verkehrszunahme f\u00fcr die Region. \u201eEine derart geballte Belastung mit Industrie und Gewerbe-Ansiedlungen \u2013 n\u00e4mlich 66% der gesamten Neuausweisung in Michelbach und Dagobertshausen gegen\u00fcber 34% im \u00fcbrigen Stadtgebiet \u2013 ist nicht verantwortbar\u201c, zumal Stromtrasse (Rhein-Main-Link), gro\u00dffl\u00e4chige Photovoltaik-Freifl\u00e4chenanlagen und rd. 7 Windr\u00e4der hinzukommen w\u00fcrden. Ute G\u00f6bel-Lehnert veranschaulichte die nach Sicht vieler Dagobertsh\u00e4user B\u00fcrger:innen unverantwortliche Zukunftslage ihres \u201eDorfes in der Zange\u201c zwischen Industrie und Gewerbe, wenn nach Planumsetzung von G\u00f6rzhausen IV und der geplanten Erweiterung der Reitsportanlage k\u00fcnftig 44 ha gewerblicher und industrieller Landnutzung in einem der kleinsten Stadtteile Marburgs von nur 360 Einwohner:innen rund 17 ha Siedlungsraum gegen\u00fcberst\u00fcnden.\u00a0\u201eDie fortschreitende Expansion der hiesigen Freizeitgewerbebetriebe und eine Ansiedlung von G\u00f6rzhausen IV sind v\u00f6llig gebietsunvertr\u00e4glich. Ein st\u00e4dtebauliches Gesamtkonzept ist seit vielen Jahren \u00fcberf\u00e4llig\u201c, so G\u00f6bel-Lehnert.<strong>\u00a0<\/strong><\/p>\n<p style=\"font-weight: 400;\"><strong><\/strong><\/p>\n<p style=\"font-weight: 400;\"><strong>Politiker:innen, BI-Vertreter:innen und B\u00fcrger:innen im <\/strong><strong>\u201eSchlagabtausch\u201c <\/strong><\/p>\n<p style=\"font-weight: 400;\">OB Dr. Spies bekundete sein Erstaunen und Freude \u00fcber das gro\u00dfe Interesse der BI wie aller Anwesenden am Regionalplan Mittelhessen: \u201eDas hat es in fr\u00fcheren Zeiten so nicht gegeben.\u201c Nach seiner Ansicht sei eine Verkleinerung der angemeldeten \u201ePotentialfl\u00e4che\u201c von 24 ha nicht im Interesse von Dagobertshausen. Je mehr Potentialfl\u00e4che f\u00fcr G\u00f6rzhausen IV ausgewiesen w\u00fcrde, desto mehr Ausgleichsfl\u00e4che (25% der Potentialfl\u00e4che) m\u00fcsste am Ort geschaffen werden. Letzteres lie\u00dfe sich doch so gestalten, dass von dem benachbarten Gewerbegebiet die Wohnqualit\u00e4t in Dagobertshausen m\u00f6glichst wenig beeintr\u00e4chtigt w\u00fcrde. Zur Frage nach der F\u00fcllung von Leerst\u00e4nden und der Verdichtung bereits vorhandener Standortgebiete (wie von der Stadt f\u00fcr GH I und II und das Hauptwerk Z \/ Marbach angek\u00fcndigt) bekr\u00e4ftigte Spies den Grundsatz des Magistrats, dass immer Verdichtung vor Neuversiegelung komme. Letztere sei jedoch um der wirtschaftlichen Entwicklung willen auch nicht zu vermeiden. Im \u00dcbrigen diene die Ausweisung von \u201aG\u00f6rzhausen IV\u2018 lediglich dazu, den Pharma-Unternehmen zu signalisieren, dass am Standort noch Erweiterungsm\u00f6glichkeiten existieren w\u00fcrden.<\/p>\n<p style=\"font-weight: 400;\">Der Annahme, dass die Ausweisung von m\u00f6glichst viel Potentialfl\u00e4che im Interesse der angrenzenden Bev\u00f6lkerung sei, wurde heftig widersprochen, zudem der Bedarf unklar bzw. nicht belegt sei. Au\u00dferdem setze sich nach dieser Logik der ohnehin schon \u201egaloppierende\u201c Fl\u00e4chen- und Naturverbrauch fort. Das bundesweite Ziel der Senkung des Nettofl\u00e4chenverbrauchs auf \u201eNetto-Null\u201c bis 2050 werde damit immer unwahrscheinlicher. Zudem zeige die Erfahrung, dass einmal ausgewiesene Gewerbefl\u00e4chen fr\u00fcher oder sp\u00e4ter auch entsprechend genutzt w\u00fcrden. So plane die Stadtentwicklungsgesellschaft (SEG) f\u00fcr die von ihr bereits erworbene Potentialfl\u00e4che nicht nur den zeitnahen Aufbau von Photovoltaikanlagen, sondern habe bereits jetzt Beschl\u00fcsse zur Entsch\u00e4digung von Photovoltaik-Investoren f\u00fcr den Fall des vorzeitigen Abrisses der Anlagen gefasst. Weshalb dies, wenn nicht zwecks einer z\u00fcgigen Zuf\u00fchrung des Gel\u00e4ndes an eine pharmaindustrielle Nutzung?<\/p>\n<p style=\"font-weight: 400;\"><strong><\/strong><\/p>\n<p style=\"font-weight: 400;\"><strong>Stadt Marburg und RP Gie\u00dfen schieben die Verantwortung hin und her <\/strong><\/p>\n<p style=\"font-weight: 400;\">Werner Wa\u00dfmuth (CDU) verwies auf das Landesplanungsgesetz, das eingehalten werden m\u00fcsse. Die Regionalversammlung trage keine Verantwortung f\u00fcr den Gesamtvorgang, sondern mache lediglich eine \u201eAngebotsplanung\u201c. Die Letztentscheidung treffe die Kommune nach Abw\u00e4gung unterschiedlicher Interessen. Er betonte, dass mit einem m\u00f6glichen Beschluss der RVM in der \u00f6ffentlichen Sitzung am 02.12.2024 (Kulturzentrum Buseck) zu G\u00f6rzhausen IV zun\u00e4chst einmal \u201enur\u201c die Voraussetzung f\u00fcr weitere Planungsschritte geschaffen w\u00fcrde. Die Diskussion um Qualit\u00e4tskriterien und Ausschlusskriterien beginne erst im Zuge der Bauleitplanung.<\/p>\n<p style=\"font-weight: 400;\">Dr.<span> Anne Archinal verwies auf die rasant zunehmende klimapolitische Problemlage, die eine verantwortungsvoll handelnde Regionalversammlung bei ihren Entscheidungen zu ber\u00fccksichtigen habe. <\/span><\/p>\n<p style=\"font-weight: 400;\">Ebenso vehement widersprachen B\u00fcrger:innen: \u201eEine verantwortliche und qualitativ bewertende Aufgabenwahrnehmung seitens der Regionalversammlung wird dadurch verweigert.\u201c Eine <span>Vertreterin der BI wies darauf hin, dass der Magistrat\u00a0 im Zusammenhang mit G\u00f6rzhausen IV genau<\/span> umgekehrt argumentiert habe, wonach<span>\u00a0 <\/span>die Regionalplanungsstelle des RP Gie\u00dfen die aktive Kraft sei. So erodierte, an diesem Abend deutlich sp\u00fcrbar, das gegenseitige Hin- und Herschieben von Verantwortung einmal mehr das Vertrauen in die politischen Handlungsakteure. Das Unverst\u00e4ndnis der B\u00fcrger:innen wurde nicht geringer nach dem Hinweis des Moderators auf das presse\u00f6ffentlich ausgetragene Gegeneinander-Ausspielen von Moischter Gewerbefl\u00e4chen und \u201aDagobertshausen\u2018\/ \u2018G\u00f6rzhausen IV\u2018 ohne sachlogisch einleuchtende Begr\u00fcndung durch die politisch Verantwortlichen.<\/p>\n<p style=\"font-weight: 400;\">\u201eMarburg hat ein ausgepr\u00e4gtes Soziales Angebot, das finanziert werden muss. Es gehen u.a.12% der Kapitalertragssteuer in die kommunale Kasse\u201c, versuchte Werner Wa\u00dfmuth das Planvorhaben zu begr\u00fcnden. Auch best\u00fcnde die Gefahr, dass die weltweit agierenden Konzerne weggehen k\u00f6nnten. Inwieweit solche Konzerne sich eher aus Gr\u00fcnden wie dem k\u00fcnftigen wirtschaftlichen Protektionismus der USA als unzuverl\u00e4ssige Gr\u00f6\u00dfe erweisen k\u00f6nnten, wurde von der BI zu denken gegeben.<\/p>\n<p style=\"font-weight: 400;\">Dr. Archinal f\u00fchrte aus: \u201eWir sind Klimaleugner, wenn wir weiter so machen wie bisher; das betrifft auch Regionalplaner. Wir handeln fortw\u00e4hrend in unserem Wirtschaften gegen die Naturgesetze. Ein Grund daf\u00fcr sei auch unsere unsachgem\u00e4\u00dfe Vorstellung von B\u00f6den. Diese umfassten nicht nur eine Erdoberfl\u00e4che mit Bewuchs, Bewaldung oder Tieren darauf. Vielmehr verberge jeder Quadratmeter ein Hundertf\u00e4ltiges der an der Oberfl\u00e4che sichtbaren Lebewesen und N\u00e4hrstoffe. Diese seien in keiner Weise \u201eumzusiedeln\u201c, um den Weg f\u00fcr neues Bauen schnell frei zu machen. <span>\u00a0<\/span><\/p>\n<p style=\"font-weight: 400;\">B\u00fcrgermeister Laukel erkl\u00e4rte zu den infrastrukturellen Erfordernissen im Lahntal, durch welches auf der B 62 nach Abschluss der Errichtung von G\u00f6rzhausen III voraussichtlich fast 10.000 statt heute 6.700 PKW\/Tag fahren werden: Zusammen mit der Stadt Marburg w\u00fcrde man an L\u00f6sungen des Verkehrsproblems (vor allem durch eine neue zirkul\u00e4re Stadtbusf\u00fchrung) arbeiten. Zu den B-Pl\u00e4nen von G\u00f6rzhausen g\u00e4be es seitens des Lahntals kritische Stellungnahmen hinsichtlich Verkehr, Licht und Luftstr\u00f6mungen. Ein Parkhaus in Sterzhausen nach dem Park &amp; Ride- Modell werde dort abgelehnt. Hinsichtlich einer neuen Fahrradwegverbindung von Marburg bis zum Standort G\u00f6rzhausen-Standort werde auch eine \u201eNordumfahrung\u201c von Wehrda um den Wei\u00dfem Stein bis nach G\u00f6rzhausen erwogen.<\/p>\n<p style=\"font-weight: 400;\"><em><span><\/span><\/em><\/p>\n<p style=\"font-weight: 400;\"><strong>Viele offene Fragen <\/strong><\/p>\n<p style=\"font-weight: 400;\">Durch das sachkundige Publikum wurden weitere ungel\u00f6ste Fragen aufgeworfen. Seitens der im Laufe des Abends anwesenden Vertreter der Regionalversammlung kam \u00fcberraschend h\u00e4ufig der Verweis auf die eigene Nichtzust\u00e4ndigkeit. Die gegebenen Antworten blieben oft strittig. So blieb am Ende neben einem herzlichen Dank an alle Beteiligten der einhellige Appell an die Verantwortlichen der Regionalversammlung, einer Erweiterung der Gewerbefl\u00e4chen um G\u00f6rzhausen IV nicht zuzustimmen.<\/p>\n<p style=\"font-weight: 400;\">Ute G\u00f6bel-Lehnert<\/p>\n<p style=\"font-weight: 400;\"><\/p>\n<p style=\"font-weight: 400;\"><strong>Hier geht es zu den <a href=\"https:\/\/www.kgh4.de\/wp-content\/uploads\/2024\/11\/2.-RegPolDialog_-Statements-aus-der-BI-zum-Pressebericht-vom-13.-November-2024.pdf\"><span style=\"color: #ff6a00;\">Statements<\/span><\/a> der B\u00fcrgerinitiative<\/strong><\/p>\n<p>&nbsp;<\/p>\n<p>&nbsp;<\/p>\n<p>&nbsp;<\/p>\n<!-- \/divi:paragraph -->[\/et_pb_text][\/et_pb_column][\/et_pb_row][\/et_pb_section]\n","protected":false},"excerpt":{"rendered":"<p>Pressebericht \u2013 2. Regionalpolitischer Dialog \u201eG\u00f6rzhausen IV und die Folgen f\u00fcr die Region\u201c \u2013 13. November 2024, B\u00fcrgerhaus Michelbach Marburg-Michelbach Rund 70 interessierte B\u00fcrgerinnen und B\u00fcrger aus Michelbach, Dagobertshausen, Lahntal und der Region folgten der Einladung der B\u00fcrgerinitiative Kein G\u00f6rzhausen IV \u2013 Stopp den Fl\u00e4chen-verbrauch! e.V.\u00a0 am 13.11.2024 ins B\u00fcrgerhaus Michelbach. Konkreter Anlass war die [&hellip;]<\/p>\n","protected":false},"author":2,"featured_media":323,"comment_status":"closed","ping_status":"open","sticky":true,"template":"","format":"standard","meta":{"_et_pb_use_builder":"on","_et_pb_old_content":"","_et_gb_content_width":"","footnotes":""},"categories":[1],"tags":[],"class_list":["post-315","post","type-post","status-publish","format-standard","has-post-thumbnail","hentry","category-presse"],"yoast_head":"<!-- This site is optimized with the Yoast SEO plugin v26.8 - https:\/\/yoast.com\/product\/yoast-seo-wordpress\/ -->\n<title>2. Regionalpolitischer Dialog - Kein G\u00f6rzhausen IV<\/title>\n<meta name=\"robots\" content=\"index, follow, max-snippet:-1, max-image-preview:large, max-video-preview:-1\" \/>\n<link rel=\"canonical\" href=\"https:\/\/www.kgh4.de\/?p=315\" \/>\n<meta property=\"og:locale\" content=\"de_DE\" \/>\n<meta property=\"og:type\" content=\"article\" \/>\n<meta property=\"og:title\" content=\"2. Regionalpolitischer Dialog - Kein G\u00f6rzhausen IV\" \/>\n<meta property=\"og:description\" content=\"Pressebericht \u2013 2. Regionalpolitischer Dialog \u201eG\u00f6rzhausen IV und die Folgen f\u00fcr die Region\u201c \u2013 13. November 2024, B\u00fcrgerhaus Michelbach Marburg-Michelbach Rund 70 interessierte B\u00fcrgerinnen und B\u00fcrger aus Michelbach, Dagobertshausen, Lahntal und der Region folgten der Einladung der B\u00fcrgerinitiative Kein G\u00f6rzhausen IV \u2013 Stopp den Fl\u00e4chen-verbrauch! e.V.\u00a0 am 13.11.2024 ins B\u00fcrgerhaus Michelbach. Konkreter Anlass war die [&hellip;]\" \/>\n<meta property=\"og:url\" content=\"https:\/\/www.kgh4.de\/?p=315\" \/>\n<meta property=\"og:site_name\" content=\"Kein G\u00f6rzhausen IV\" \/>\n<meta property=\"article:published_time\" content=\"2024-11-14T01:02:56+00:00\" \/>\n<meta property=\"article:modified_time\" content=\"2026-01-24T17:26:24+00:00\" \/>\n<meta property=\"og:image\" content=\"https:\/\/www.kgh4.de\/wp-content\/uploads\/2024\/11\/57bd6d65-b62c-49f9-98fa-2273a32f2171_out-1296x848.jpg\" \/>\n\t<meta property=\"og:image:width\" content=\"1296\" \/>\n\t<meta property=\"og:image:height\" content=\"848\" \/>\n\t<meta property=\"og:image:type\" content=\"image\/jpeg\" \/>\n<meta name=\"author\" content=\"Webredaktion\" \/>\n<meta name=\"twitter:card\" content=\"summary_large_image\" \/>\n<meta name=\"twitter:label1\" content=\"Verfasst von\" \/>\n\t<meta name=\"twitter:data1\" content=\"Webredaktion\" \/>\n\t<meta name=\"twitter:label2\" content=\"Gesch\u00e4tzte Lesezeit\" \/>\n\t<meta name=\"twitter:data2\" content=\"8\u00a0Minuten\" \/>\n<script type=\"application\/ld+json\" class=\"yoast-schema-graph\">{\"@context\":\"https:\/\/schema.org\",\"@graph\":[{\"@type\":\"Article\",\"@id\":\"https:\/\/www.kgh4.de\/?p=315#article\",\"isPartOf\":{\"@id\":\"https:\/\/www.kgh4.de\/?p=315\"},\"author\":{\"name\":\"Webredaktion\",\"@id\":\"https:\/\/www.kgh4.de\/#\/schema\/person\/6c25de2a37f2c8d7a6088d063806cd17\"},\"headline\":\"2. Regionalpolitischer Dialog\",\"datePublished\":\"2024-11-14T01:02:56+00:00\",\"dateModified\":\"2026-01-24T17:26:24+00:00\",\"mainEntityOfPage\":{\"@id\":\"https:\/\/www.kgh4.de\/?p=315\"},\"wordCount\":1573,\"image\":{\"@id\":\"https:\/\/www.kgh4.de\/?p=315#primaryimage\"},\"thumbnailUrl\":\"https:\/\/www.kgh4.de\/wp-content\/uploads\/2024\/11\/57bd6d65-b62c-49f9-98fa-2273a32f2171_out-1296x848.jpg\",\"articleSection\":[\"Presse\"],\"inLanguage\":\"de\"},{\"@type\":\"WebPage\",\"@id\":\"https:\/\/www.kgh4.de\/?p=315\",\"url\":\"https:\/\/www.kgh4.de\/?p=315\",\"name\":\"2. Regionalpolitischer Dialog - Kein G\u00f6rzhausen IV\",\"isPartOf\":{\"@id\":\"https:\/\/www.kgh4.de\/#website\"},\"primaryImageOfPage\":{\"@id\":\"https:\/\/www.kgh4.de\/?p=315#primaryimage\"},\"image\":{\"@id\":\"https:\/\/www.kgh4.de\/?p=315#primaryimage\"},\"thumbnailUrl\":\"https:\/\/www.kgh4.de\/wp-content\/uploads\/2024\/11\/57bd6d65-b62c-49f9-98fa-2273a32f2171_out-1296x848.jpg\",\"datePublished\":\"2024-11-14T01:02:56+00:00\",\"dateModified\":\"2026-01-24T17:26:24+00:00\",\"author\":{\"@id\":\"https:\/\/www.kgh4.de\/#\/schema\/person\/6c25de2a37f2c8d7a6088d063806cd17\"},\"breadcrumb\":{\"@id\":\"https:\/\/www.kgh4.de\/?p=315#breadcrumb\"},\"inLanguage\":\"de\",\"potentialAction\":[{\"@type\":\"ReadAction\",\"target\":[\"https:\/\/www.kgh4.de\/?p=315\"]}]},{\"@type\":\"ImageObject\",\"inLanguage\":\"de\",\"@id\":\"https:\/\/www.kgh4.de\/?p=315#primaryimage\",\"url\":\"https:\/\/www.kgh4.de\/wp-content\/uploads\/2024\/11\/57bd6d65-b62c-49f9-98fa-2273a32f2171_out-1296x848.jpg\",\"contentUrl\":\"https:\/\/www.kgh4.de\/wp-content\/uploads\/2024\/11\/57bd6d65-b62c-49f9-98fa-2273a32f2171_out-1296x848.jpg\",\"width\":1296,\"height\":848},{\"@type\":\"BreadcrumbList\",\"@id\":\"https:\/\/www.kgh4.de\/?p=315#breadcrumb\",\"itemListElement\":[{\"@type\":\"ListItem\",\"position\":1,\"name\":\"Startseite\",\"item\":\"https:\/\/www.kgh4.de\/\"},{\"@type\":\"ListItem\",\"position\":2,\"name\":\"2. Regionalpolitischer Dialog\"}]},{\"@type\":\"WebSite\",\"@id\":\"https:\/\/www.kgh4.de\/#website\",\"url\":\"https:\/\/www.kgh4.de\/\",\"name\":\"Kein G\u00f6rzhausen IV\",\"description\":\"\",\"potentialAction\":[{\"@type\":\"SearchAction\",\"target\":{\"@type\":\"EntryPoint\",\"urlTemplate\":\"https:\/\/www.kgh4.de\/?s={search_term_string}\"},\"query-input\":{\"@type\":\"PropertyValueSpecification\",\"valueRequired\":true,\"valueName\":\"search_term_string\"}}],\"inLanguage\":\"de\"},{\"@type\":\"Person\",\"@id\":\"https:\/\/www.kgh4.de\/#\/schema\/person\/6c25de2a37f2c8d7a6088d063806cd17\",\"name\":\"Webredaktion\",\"image\":{\"@type\":\"ImageObject\",\"inLanguage\":\"de\",\"@id\":\"https:\/\/www.kgh4.de\/#\/schema\/person\/image\/\",\"url\":\"https:\/\/secure.gravatar.com\/avatar\/148783221fcb61a2de7cbad64f189982a8f9cb30ea2ccd4e87e852feb3145f58?s=96&d=mm&r=g\",\"contentUrl\":\"https:\/\/secure.gravatar.com\/avatar\/148783221fcb61a2de7cbad64f189982a8f9cb30ea2ccd4e87e852feb3145f58?s=96&d=mm&r=g\",\"caption\":\"Webredaktion\"},\"url\":\"https:\/\/www.kgh4.de\/?author=2\"}]}<\/script>\n<!-- \/ Yoast SEO plugin. -->","yoast_head_json":{"title":"2. Regionalpolitischer Dialog - Kein G\u00f6rzhausen IV","robots":{"index":"index","follow":"follow","max-snippet":"max-snippet:-1","max-image-preview":"max-image-preview:large","max-video-preview":"max-video-preview:-1"},"canonical":"https:\/\/www.kgh4.de\/?p=315","og_locale":"de_DE","og_type":"article","og_title":"2. Regionalpolitischer Dialog - Kein G\u00f6rzhausen IV","og_description":"Pressebericht \u2013 2. Regionalpolitischer Dialog \u201eG\u00f6rzhausen IV und die Folgen f\u00fcr die Region\u201c \u2013 13. November 2024, B\u00fcrgerhaus Michelbach Marburg-Michelbach Rund 70 interessierte B\u00fcrgerinnen und B\u00fcrger aus Michelbach, Dagobertshausen, Lahntal und der Region folgten der Einladung der B\u00fcrgerinitiative Kein G\u00f6rzhausen IV \u2013 Stopp den Fl\u00e4chen-verbrauch! e.V.\u00a0 am 13.11.2024 ins B\u00fcrgerhaus Michelbach. Konkreter Anlass war die [&hellip;]","og_url":"https:\/\/www.kgh4.de\/?p=315","og_site_name":"Kein G\u00f6rzhausen IV","article_published_time":"2024-11-14T01:02:56+00:00","article_modified_time":"2026-01-24T17:26:24+00:00","og_image":[{"width":1296,"height":848,"url":"https:\/\/www.kgh4.de\/wp-content\/uploads\/2024\/11\/57bd6d65-b62c-49f9-98fa-2273a32f2171_out-1296x848.jpg","type":"image\/jpeg"}],"author":"Webredaktion","twitter_card":"summary_large_image","twitter_misc":{"Verfasst von":"Webredaktion","Gesch\u00e4tzte Lesezeit":"8\u00a0Minuten"},"schema":{"@context":"https:\/\/schema.org","@graph":[{"@type":"Article","@id":"https:\/\/www.kgh4.de\/?p=315#article","isPartOf":{"@id":"https:\/\/www.kgh4.de\/?p=315"},"author":{"name":"Webredaktion","@id":"https:\/\/www.kgh4.de\/#\/schema\/person\/6c25de2a37f2c8d7a6088d063806cd17"},"headline":"2. Regionalpolitischer Dialog","datePublished":"2024-11-14T01:02:56+00:00","dateModified":"2026-01-24T17:26:24+00:00","mainEntityOfPage":{"@id":"https:\/\/www.kgh4.de\/?p=315"},"wordCount":1573,"image":{"@id":"https:\/\/www.kgh4.de\/?p=315#primaryimage"},"thumbnailUrl":"https:\/\/www.kgh4.de\/wp-content\/uploads\/2024\/11\/57bd6d65-b62c-49f9-98fa-2273a32f2171_out-1296x848.jpg","articleSection":["Presse"],"inLanguage":"de"},{"@type":"WebPage","@id":"https:\/\/www.kgh4.de\/?p=315","url":"https:\/\/www.kgh4.de\/?p=315","name":"2. Regionalpolitischer Dialog - Kein G\u00f6rzhausen IV","isPartOf":{"@id":"https:\/\/www.kgh4.de\/#website"},"primaryImageOfPage":{"@id":"https:\/\/www.kgh4.de\/?p=315#primaryimage"},"image":{"@id":"https:\/\/www.kgh4.de\/?p=315#primaryimage"},"thumbnailUrl":"https:\/\/www.kgh4.de\/wp-content\/uploads\/2024\/11\/57bd6d65-b62c-49f9-98fa-2273a32f2171_out-1296x848.jpg","datePublished":"2024-11-14T01:02:56+00:00","dateModified":"2026-01-24T17:26:24+00:00","author":{"@id":"https:\/\/www.kgh4.de\/#\/schema\/person\/6c25de2a37f2c8d7a6088d063806cd17"},"breadcrumb":{"@id":"https:\/\/www.kgh4.de\/?p=315#breadcrumb"},"inLanguage":"de","potentialAction":[{"@type":"ReadAction","target":["https:\/\/www.kgh4.de\/?p=315"]}]},{"@type":"ImageObject","inLanguage":"de","@id":"https:\/\/www.kgh4.de\/?p=315#primaryimage","url":"https:\/\/www.kgh4.de\/wp-content\/uploads\/2024\/11\/57bd6d65-b62c-49f9-98fa-2273a32f2171_out-1296x848.jpg","contentUrl":"https:\/\/www.kgh4.de\/wp-content\/uploads\/2024\/11\/57bd6d65-b62c-49f9-98fa-2273a32f2171_out-1296x848.jpg","width":1296,"height":848},{"@type":"BreadcrumbList","@id":"https:\/\/www.kgh4.de\/?p=315#breadcrumb","itemListElement":[{"@type":"ListItem","position":1,"name":"Startseite","item":"https:\/\/www.kgh4.de\/"},{"@type":"ListItem","position":2,"name":"2. Regionalpolitischer Dialog"}]},{"@type":"WebSite","@id":"https:\/\/www.kgh4.de\/#website","url":"https:\/\/www.kgh4.de\/","name":"Kein G\u00f6rzhausen IV","description":"","potentialAction":[{"@type":"SearchAction","target":{"@type":"EntryPoint","urlTemplate":"https:\/\/www.kgh4.de\/?s={search_term_string}"},"query-input":{"@type":"PropertyValueSpecification","valueRequired":true,"valueName":"search_term_string"}}],"inLanguage":"de"},{"@type":"Person","@id":"https:\/\/www.kgh4.de\/#\/schema\/person\/6c25de2a37f2c8d7a6088d063806cd17","name":"Webredaktion","image":{"@type":"ImageObject","inLanguage":"de","@id":"https:\/\/www.kgh4.de\/#\/schema\/person\/image\/","url":"https:\/\/secure.gravatar.com\/avatar\/148783221fcb61a2de7cbad64f189982a8f9cb30ea2ccd4e87e852feb3145f58?s=96&d=mm&r=g","contentUrl":"https:\/\/secure.gravatar.com\/avatar\/148783221fcb61a2de7cbad64f189982a8f9cb30ea2ccd4e87e852feb3145f58?s=96&d=mm&r=g","caption":"Webredaktion"},"url":"https:\/\/www.kgh4.de\/?author=2"}]}},"_links":{"self":[{"href":"https:\/\/www.kgh4.de\/index.php?rest_route=\/wp\/v2\/posts\/315","targetHints":{"allow":["GET"]}}],"collection":[{"href":"https:\/\/www.kgh4.de\/index.php?rest_route=\/wp\/v2\/posts"}],"about":[{"href":"https:\/\/www.kgh4.de\/index.php?rest_route=\/wp\/v2\/types\/post"}],"author":[{"embeddable":true,"href":"https:\/\/www.kgh4.de\/index.php?rest_route=\/wp\/v2\/users\/2"}],"replies":[{"embeddable":true,"href":"https:\/\/www.kgh4.de\/index.php?rest_route=%2Fwp%2Fv2%2Fcomments&post=315"}],"version-history":[{"count":8,"href":"https:\/\/www.kgh4.de\/index.php?rest_route=\/wp\/v2\/posts\/315\/revisions"}],"predecessor-version":[{"id":478,"href":"https:\/\/www.kgh4.de\/index.php?rest_route=\/wp\/v2\/posts\/315\/revisions\/478"}],"wp:featuredmedia":[{"embeddable":true,"href":"https:\/\/www.kgh4.de\/index.php?rest_route=\/wp\/v2\/media\/323"}],"wp:attachment":[{"href":"https:\/\/www.kgh4.de\/index.php?rest_route=%2Fwp%2Fv2%2Fmedia&parent=315"}],"wp:term":[{"taxonomy":"category","embeddable":true,"href":"https:\/\/www.kgh4.de\/index.php?rest_route=%2Fwp%2Fv2%2Fcategories&post=315"},{"taxonomy":"post_tag","embeddable":true,"href":"https:\/\/www.kgh4.de\/index.php?rest_route=%2Fwp%2Fv2%2Ftags&post=315"}],"curies":[{"name":"wp","href":"https:\/\/api.w.org\/{rel}","templated":true}]}}